{"id":1947,"date":"2026-04-27T12:27:36","date_gmt":"2026-04-27T10:27:36","guid":{"rendered":"https:\/\/bswi.hamburg\/?p=1947"},"modified":"2026-04-27T12:28:26","modified_gmt":"2026-04-27T10:28:26","slug":"europawochen","status":"publish","type":"post","link":"https:\/\/bswi.hamburg\/en\/2026\/04\/27\/europawochen\/","title":{"rendered":"Die Europawochen starten!"},"content":{"rendered":"<p><div class=\"fusion-fullwidth fullwidth-box fusion-builder-row-1 fusion-flex-container has-pattern-background has-mask-background nonhundred-percent-fullwidth non-hundred-percent-height-scrolling\" style=\"--awb-border-radius-top-left:0px;--awb-border-radius-top-right:0px;--awb-border-radius-bottom-right:0px;--awb-border-radius-bottom-left:0px;--awb-flex-wrap:wrap;\" ><div class=\"fusion-builder-row fusion-row fusion-flex-align-items-flex-start fusion-flex-content-wrap\" style=\"max-width:1456px;margin-left: calc(-4% \/ 2 );margin-right: calc(-4% \/ 2 );\"><div class=\"fusion-layout-column fusion_builder_column fusion-builder-column-0 fusion_builder_column_1_4 1_4 fusion-flex-column\" style=\"--awb-bg-size:cover;--awb-width-large:25%;--awb-margin-top-large:20px;--awb-spacing-right-large:7.68%;--awb-margin-bottom-large:20px;--awb-spacing-left-large:7.68%;--awb-width-medium:25%;--awb-order-medium:0;--awb-spacing-right-medium:7.68%;--awb-spacing-left-medium:7.68%;--awb-width-small:100%;--awb-order-small:0;--awb-spacing-right-small:1.92%;--awb-spacing-left-small:1.92%;\" data-scroll-devices=\"small-visibility,medium-visibility,large-visibility\"><div class=\"fusion-column-wrapper fusion-column-has-shadow fusion-flex-justify-content-flex-start fusion-content-layout-column\"><div class=\"fusion-separator fusion-full-width-sep\" style=\"align-self: flex-start;margin-right:auto;margin-top:30px;margin-bottom:30px;width:100%;\"><div class=\"fusion-separator-border sep-single sep-solid\" style=\"--awb-height:20px;--awb-amount:20px;--awb-sep-color:var(--awb-custom_color_4);border-color:var(--awb-custom_color_4);border-top-width:5px;\"><\/div><\/div><div class=\"fusion-image-element\" style=\"--awb-caption-title-font-family:var(--h2_typography-font-family);--awb-caption-title-font-weight:var(--h2_typography-font-weight);--awb-caption-title-font-style:var(--h2_typography-font-style);--awb-caption-title-size:var(--h2_typography-font-size);--awb-caption-title-transform:var(--h2_typography-text-transform);--awb-caption-title-line-height:var(--h2_typography-line-height);--awb-caption-title-letter-spacing:var(--h2_typography-letter-spacing);\"><span class=\"fusion-imageframe imageframe-none imageframe-1 hover-type-none\"><img decoding=\"async\" width=\"300\" height=\"135\" alt=\"Zu sehen ist die Aula der Schule. Auf der B\u00fchne stehen der Schulleiter und der Staatsrat.\" title=\"Europawochen\" src=\"https:\/\/bswi.hamburg\/wp-content\/uploads\/2026\/04\/Europawochen.jpg\" data-orig-src=\"https:\/\/bswi.hamburg\/wp-content\/uploads\/2026\/04\/Europawochen-300x135.jpg\" class=\"lazyload img-responsive wp-image-1948\" srcset=\"data:image\/svg+xml,%3Csvg%20xmlns%3D%27http%3A%2F%2Fwww.w3.org%2F2000%2Fsvg%27%20width%3D%272048%27%20height%3D%27923%27%20viewBox%3D%270%200%202048%20923%27%3E%3Crect%20width%3D%272048%27%20height%3D%27923%27%20fill-opacity%3D%220%22%2F%3E%3C%2Fsvg%3E\" data-srcset=\"https:\/\/bswi.hamburg\/wp-content\/uploads\/2026\/04\/Europawochen-200x90.jpg 200w, https:\/\/bswi.hamburg\/wp-content\/uploads\/2026\/04\/Europawochen-400x180.jpg 400w, https:\/\/bswi.hamburg\/wp-content\/uploads\/2026\/04\/Europawochen-600x270.jpg 600w, https:\/\/bswi.hamburg\/wp-content\/uploads\/2026\/04\/Europawochen-800x361.jpg 800w, https:\/\/bswi.hamburg\/wp-content\/uploads\/2026\/04\/Europawochen-1200x541.jpg 1200w\" data-sizes=\"auto\" data-orig-sizes=\"(max-width: 640px) 100vw, 400px\" \/><\/span><\/div><\/div><\/div><div class=\"fusion-layout-column fusion_builder_column fusion-builder-column-1 fusion_builder_column_3_4 3_4 fusion-flex-column\" style=\"--awb-bg-size:cover;--awb-width-large:75%;--awb-margin-top-large:30px;--awb-spacing-right-large:2.56%;--awb-margin-bottom-large:20px;--awb-spacing-left-large:2.56%;--awb-width-medium:75%;--awb-order-medium:0;--awb-spacing-right-medium:2.56%;--awb-spacing-left-medium:2.56%;--awb-width-small:100%;--awb-order-small:0;--awb-spacing-right-small:1.92%;--awb-spacing-left-small:1.92%;\" data-scroll-devices=\"small-visibility,medium-visibility,large-visibility\"><div class=\"fusion-column-wrapper fusion-column-has-shadow fusion-flex-justify-content-flex-start fusion-content-layout-column\"><div class=\"fusion-text fusion-text-1\"><p style=\"font-weight: 400;\">Am heutigen Montag starteten die diesj\u00e4hrigen Europawochen, an denen wir als BS05 aktiv teilnehmen. W\u00e4hrend der Europawochen wird es an Hamburgs Schulen besonders international. Die Sch\u00fclerinnen und Sch\u00fcler setzen sich in Projekten, Workshops und Diskussionsrunden mit Europa und der Europ\u00e4ischen Union auseinander. Ziel ist es, europ\u00e4ische Werte wie Demokratie, Vielfalt und Zusammenhalt erlebbar zu machen und das Interesse an politischen und gesellschaftlichen Themen zu st\u00e4rken.<\/p>\n<p style=\"font-weight: 400;\">Ob interaktive Spiele, Begegnungen mit G\u00e4sten oder kreative Aktionen rund um europ\u00e4ische Kulturen \u2013 die Europawochen bieten vielf\u00e4ltige M\u00f6glichkeiten, Europa im Schulalltag greifbar zu machen. So lernen unsere Sch\u00fclerinnen und Sch\u00fcler nicht nur die Strukturen der EU kennen, sondern entwickeln auch ein st\u00e4rkeres Bewusstsein f\u00fcr ihre Rolle als aktive europ\u00e4ische B\u00fcrgerinnen und B\u00fcrger.<\/p>\n<p style=\"font-weight: 400;\">Eingel\u00e4utet wurden die Europawochen heute von Herrn Staatsrat P\u00f6rksen, der den Sch\u00fclerinnen und Sch\u00fclern und Lehrkr\u00e4ften in einer Gespr\u00e4chsrunde Antworten zu zahlreichen Fragen zu Europa gab. In den kommenden Tagen sind weitere interessante Vortr\u00e4ge und Gespr\u00e4chsrunden geplant. Abgerundet werden die Europawochen mit diversen Veranstaltungen zum Thema in mehreren Klassen. Das bunte Programm befasst sich zum Beispiel mit Themen wie Demokratie st\u00e4rken, Business Knigge, der Auseinandersetzung mit Diskriminierung gegen\u00fcber Menschengruppen aus aller Welt, beinhaltet aber auch ein Kunstprojekt und interkulturelle Spiele.<\/p>\n<p style=\"font-weight: 400;\">Wir w\u00fcnschen allen Teilnehmenden inspirierende Begegnungen, spannende Einblicke und viele bereichernde Erfahrungen im Rahmen der Europawochen.<\/p>\n<\/div><\/div><\/div><\/div><\/div><div class=\"fusion-fullwidth fullwidth-box fusion-builder-row-2 fusion-flex-container has-pattern-background has-mask-background nonhundred-percent-fullwidth non-hundred-percent-height-scrolling\" style=\"--awb-border-radius-top-left:0px;--awb-border-radius-top-right:0px;--awb-border-radius-bottom-right:0px;--awb-border-radius-bottom-left:0px;--awb-margin-top:60px;--awb-flex-wrap:wrap;\" ><div class=\"fusion-builder-row fusion-row fusion-flex-align-items-flex-start fusion-flex-content-wrap\" style=\"max-width:1456px;margin-left: calc(-4% \/ 2 );margin-right: calc(-4% \/ 2 );\"><div class=\"fusion-layout-column fusion_builder_column fusion-builder-column-2 fusion_builder_column_1_1 1_1 fusion-flex-column\" style=\"--awb-bg-size:cover;--awb-width-large:100%;--awb-margin-top-large:0px;--awb-spacing-right-large:1.92%;--awb-margin-bottom-large:20px;--awb-spacing-left-large:1.92%;--awb-width-medium:100%;--awb-order-medium:0;--awb-spacing-right-medium:1.92%;--awb-spacing-left-medium:1.92%;--awb-width-small:100%;--awb-order-small:0;--awb-spacing-right-small:1.92%;--awb-spacing-left-small:1.92%;\"><div class=\"fusion-column-wrapper fusion-column-has-shadow fusion-flex-justify-content-flex-start fusion-content-layout-column\"><div class=\"fusion-title title fusion-title-1 fusion-sep-none fusion-title-text fusion-title-size-four\" style=\"--awb-margin-top-small:10px;--awb-margin-right-small:0px;--awb-margin-bottom-small:10px;--awb-margin-left-small:0px;\"><h4 class=\"fusion-title-heading title-heading-left\" style=\"margin:0;\">Artikel und News der BS:WI<\/h4><\/div><div class=\"fusion-title title fusion-title-2 fusion-sep-none fusion-title-text fusion-title-size-one\" style=\"--awb-margin-top-small:10px;--awb-margin-right-small:0px;--awb-margin-bottom-small:10px;--awb-margin-left-small:0px;\"><h1 class=\"fusion-title-heading title-heading-left\" style=\"margin:0;\"><p class=\"p1\">You can find everything about our school life, news, and articles here.<\/p><\/h1><\/div><div class=\"fusion-separator fusion-full-width-sep\" style=\"align-self: flex-start;margin-right:auto;margin-top:30px;margin-bottom:30px;width:100%;\"><div class=\"fusion-separator-border sep-single sep-solid\" style=\"--awb-height:20px;--awb-amount:20px;--awb-sep-color:var(--awb-custom_color_4);border-color:var(--awb-custom_color_4);border-top-width:5px;\"><\/div><\/div><\/div><\/div><div class=\"fusion-layout-column fusion_builder_column fusion-builder-column-3 fusion_builder_column_1_1 1_1 fusion-flex-column\" style=\"--awb-bg-size:cover;--awb-width-large:100%;--awb-margin-top-large:0px;--awb-spacing-right-large:1.92%;--awb-margin-bottom-large:20px;--awb-spacing-left-large:1.92%;--awb-width-medium:100%;--awb-order-medium:0;--awb-spacing-right-medium:1.92%;--awb-spacing-left-medium:1.92%;--awb-width-small:100%;--awb-order-small:0;--awb-spacing-right-small:1.92%;--awb-spacing-left-small:1.92%;\"><div class=\"fusion-column-wrapper fusion-column-has-shadow fusion-flex-justify-content-flex-start fusion-content-layout-column\"><div class=\"fusion-blog-shortcode fusion-blog-shortcode-1 fusion-blog-archive fusion-blog-layout-grid-wrapper fusion-blog-pagination\" style=\"--awb-title-font-size:20px;--awb-title-font-family:&quot;Prometo&quot;;--awb-title-font-style:normal;--awb-title-font-weight:400;\"><style type=\"text\/css\">.fusion-blog-shortcode-1 .fusion-blog-layout-grid .fusion-post-grid{padding:20px;}.fusion-blog-shortcode-1 .fusion-posts-container{margin-left: -20px !important; margin-right:-20px !important;}<\/style><div class=\"fusion-posts-container fusion-posts-container-pagination fusion-blog-layout-grid fusion-blog-layout-grid-4 isotope fusion-blog-equal-heights\" data-pages=\"3\" data-grid-col-space=\"40\" style=\"margin: -20px -20px 0;min-height:500px;\"><article id=\"blog-1-post-1947\" class=\"fusion-post-grid post-1947 post type-post status-publish format-standard has-post-thumbnail hentry category-news tag-bswi tag-bs05 tag-haltung\">\n<div class=\"fusion-post-wrapper\" style=\"background-color:var(--awb-color8);border:none;\">\n\n\t\t\t<div class=\"fusion-flexslider flexslider fusion-flexslider-loading fusion-post-slideshow\" style=\"border-color:rgba(255,255,255,0);\">\n\t\t<ul class=\"slides\">\n\t\t\t\n\t\t\t\t\t\t\t\t\t\t\t\t\t\t<li><div  class=\"fusion-image-wrapper\" aria-haspopup=\"true\">\n\t\t\t\t\t\t\t<a href=\"https:\/\/bswi.hamburg\/en\/2026\/04\/27\/europawochen\/\" aria-label=\"Die Europawochen starten!\">\n\t\t\t\t\t\t\t<img decoding=\"async\" width=\"2048\" height=\"923\" src=\"https:\/\/bswi.hamburg\/wp-content\/uploads\/2026\/04\/Europawochen.jpg\" class=\"attachment-full size-full lazyload wp-post-image\" alt=\"Zu sehen ist die Aula der Schule. Auf der B\u00fchne stehen der Schulleiter und der Staatsrat.\" srcset=\"data:image\/svg+xml,%3Csvg%20xmlns%3D%27http%3A%2F%2Fwww.w3.org%2F2000%2Fsvg%27%20width%3D%272048%27%20height%3D%27923%27%20viewBox%3D%270%200%202048%20923%27%3E%3Crect%20width%3D%272048%27%20height%3D%27923%27%20fill-opacity%3D%220%22%2F%3E%3C%2Fsvg%3E\" data-orig-src=\"https:\/\/bswi.hamburg\/wp-content\/uploads\/2026\/04\/Europawochen.jpg\" data-srcset=\"https:\/\/bswi.hamburg\/wp-content\/uploads\/2026\/04\/Europawochen-200x90.jpg 200w, https:\/\/bswi.hamburg\/wp-content\/uploads\/2026\/04\/Europawochen-400x180.jpg 400w, https:\/\/bswi.hamburg\/wp-content\/uploads\/2026\/04\/Europawochen-600x270.jpg 600w, https:\/\/bswi.hamburg\/wp-content\/uploads\/2026\/04\/Europawochen-800x361.jpg 800w, https:\/\/bswi.hamburg\/wp-content\/uploads\/2026\/04\/Europawochen-1200x541.jpg 1200w, https:\/\/bswi.hamburg\/wp-content\/uploads\/2026\/04\/Europawochen.jpg 2048w\" data-sizes=\"auto\" \/>\t\t\t<\/a>\n\t\t\t\t\t\t\t<\/div>\n<\/li>\n\t\t\t\n\t\t\t\n\t\t\t\t\t\t\t\t\t\t\t\t\t\t\t\t\t\t\t\t\t\t\t\t\t\t\t\t\t\t\t\t\t\t\t\t\t\t\t\t\t\t\t\t\t\t\t\t\t\t\t\t\t\t\t\t\t\t\t\t\t\t\t\t\t\t\t\t<\/ul>\n\t<\/div>\n\t<div class=\"fusion-post-content-wrapper\" style=\"padding:30px 25px 25px 25px;\"><div class=\"fusion-post-content post-content\"><h6 class=\"blog-shortcode-post-title entry-title\"><a href=\"https:\/\/bswi.hamburg\/en\/2026\/04\/27\/europawochen\/\">Die Europawochen starten!<\/a><\/h6><p class=\"fusion-single-line-meta\"><span class=\"vcard\" style=\"display: none;\"><span class=\"fn\"><a href=\"https:\/\/bswi.hamburg\/en\/author\/svenja-riechers\/\" title=\"Posts by Svenja Riechers\" rel=\"author\">Svenja Riechers<\/a><\/span><\/span><span class=\"updated\" style=\"display:none;\">2026-04-27T12:28:26+02:00<\/span><span>27. April 2026<\/span><span class=\"fusion-inline-sep\">|<\/span><\/p><\/div><\/div><div class=\"fusion-clearfix\"><\/div><\/div>\n<\/article>\n<article id=\"blog-1-post-1925\" class=\"fusion-post-grid post-1925 post type-post status-publish format-standard has-post-thumbnail hentry category-news tag-bswi tag-bs05 tag-haltung\">\n<div class=\"fusion-post-wrapper\" style=\"background-color:var(--awb-color8);border:none;\">\n\n\t\t\t<div class=\"fusion-flexslider flexslider fusion-flexslider-loading fusion-post-slideshow\" style=\"border-color:rgba(255,255,255,0);\">\n\t\t<ul class=\"slides\">\n\t\t\t\n\t\t\t\t\t\t\t\t\t\t\t\t\t\t<li><div  class=\"fusion-image-wrapper\" aria-haspopup=\"true\">\n\t\t\t\t\t\t\t<a href=\"https:\/\/bswi.hamburg\/en\/2026\/04\/04\/gemeinsam-innehalten-interreligioese-friedensandacht-an-der-bswi\/\" aria-label=\"Gemeinsam innehalten: Interreligi\u00f6se Friedensandacht an der BSWI\">\n\t\t\t\t\t\t\t<img decoding=\"async\" width=\"1024\" height=\"768\" src=\"https:\/\/bswi.hamburg\/wp-content\/uploads\/2026\/04\/Interreligioese-Andacht-Vertreterinnen.jpeg\" class=\"attachment-full size-full lazyload wp-post-image\" alt=\"Zu sehen sind alle Mitwirkenden der interrelig\u00f6sen Andacht .\" srcset=\"data:image\/svg+xml,%3Csvg%20xmlns%3D%27http%3A%2F%2Fwww.w3.org%2F2000%2Fsvg%27%20width%3D%271024%27%20height%3D%27768%27%20viewBox%3D%270%200%201024%20768%27%3E%3Crect%20width%3D%271024%27%20height%3D%27768%27%20fill-opacity%3D%220%22%2F%3E%3C%2Fsvg%3E\" data-orig-src=\"https:\/\/bswi.hamburg\/wp-content\/uploads\/2026\/04\/Interreligioese-Andacht-Vertreterinnen.jpeg\" data-srcset=\"https:\/\/bswi.hamburg\/wp-content\/uploads\/2026\/04\/Interreligioese-Andacht-Vertreterinnen-200x150.jpeg 200w, https:\/\/bswi.hamburg\/wp-content\/uploads\/2026\/04\/Interreligioese-Andacht-Vertreterinnen-400x300.jpeg 400w, https:\/\/bswi.hamburg\/wp-content\/uploads\/2026\/04\/Interreligioese-Andacht-Vertreterinnen-600x450.jpeg 600w, https:\/\/bswi.hamburg\/wp-content\/uploads\/2026\/04\/Interreligioese-Andacht-Vertreterinnen-800x600.jpeg 800w, https:\/\/bswi.hamburg\/wp-content\/uploads\/2026\/04\/Interreligioese-Andacht-Vertreterinnen.jpeg 1024w\" data-sizes=\"auto\" \/>\t\t\t<\/a>\n\t\t\t\t\t\t\t<\/div>\n<\/li>\n\t\t\t\n\t\t\t\n\t\t\t\t\t\t\t\t\t\t\t\t\t\t\t\t\t\t\t\t\t\t\t\t\t\t\t\t\t\t\t\t\t\t\t\t\t\t\t\t\t\t\t\t\t\t\t\t\t\t\t\t\t\t\t\t\t\t\t\t\t\t\t\t\t\t\t\t<\/ul>\n\t<\/div>\n\t<div class=\"fusion-post-content-wrapper\" style=\"padding:30px 25px 25px 25px;\"><div class=\"fusion-post-content post-content\"><h6 class=\"blog-shortcode-post-title entry-title\"><a href=\"https:\/\/bswi.hamburg\/en\/2026\/04\/04\/gemeinsam-innehalten-interreligioese-friedensandacht-an-der-bswi\/\">Gemeinsam innehalten: Interreligi\u00f6se Friedensandacht an der BSWI<\/a><\/h6><p class=\"fusion-single-line-meta\"><span class=\"vcard\" style=\"display: none;\"><span class=\"fn\"><a href=\"https:\/\/bswi.hamburg\/en\/author\/robin-meinert\/\" title=\"Posts by Robin Meinert\" rel=\"author\">Robin Meinert<\/a><\/span><\/span><span class=\"updated\" style=\"display:none;\">2026-04-04T10:56:45+02:00<\/span><span>4. April 2026<\/span><span class=\"fusion-inline-sep\">|<\/span><\/p><\/div><\/div><div class=\"fusion-clearfix\"><\/div><\/div>\n<\/article>\n<article id=\"blog-1-post-1773\" class=\"fusion-post-grid post-1773 post type-post status-publish format-standard has-post-thumbnail hentry category-news tag-bswi tag-bs05 tag-diskreminierung tag-diversitaet tag-dominanz tag-haltung\">\n<div class=\"fusion-post-wrapper\" style=\"background-color:var(--awb-color8);border:none;\">\n\n\t\t\t<div class=\"fusion-flexslider flexslider fusion-flexslider-loading fusion-post-slideshow\" style=\"border-color:rgba(255,255,255,0);\">\n\t\t<ul class=\"slides\">\n\t\t\t\n\t\t\t\t\t\t\t\t\t\t\t\t\t\t<li><div  class=\"fusion-image-wrapper\" aria-haspopup=\"true\">\n\t\t\t\t\t\t\t<a href=\"https:\/\/bswi.hamburg\/en\/2026\/02\/02\/wir-sind-bunt-und-dann\/\" aria-label=\"\u201eWir sind bunt!\u201c \u2013 und dann?\">\n\t\t\t\t\t\t\t<img decoding=\"async\" width=\"960\" height=\"720\" src=\"https:\/\/bswi.hamburg\/wp-content\/uploads\/2026\/02\/Anna-Cardinal-Bild.jpg\" class=\"attachment-full size-full lazyload wp-post-image\" alt=\"Portrait von Anna Cardinal\" srcset=\"data:image\/svg+xml,%3Csvg%20xmlns%3D%27http%3A%2F%2Fwww.w3.org%2F2000%2Fsvg%27%20width%3D%27960%27%20height%3D%27720%27%20viewBox%3D%270%200%20960%20720%27%3E%3Crect%20width%3D%27960%27%20height%3D%27720%27%20fill-opacity%3D%220%22%2F%3E%3C%2Fsvg%3E\" data-orig-src=\"https:\/\/bswi.hamburg\/wp-content\/uploads\/2026\/02\/Anna-Cardinal-Bild.jpg\" data-srcset=\"https:\/\/bswi.hamburg\/wp-content\/uploads\/2026\/02\/Anna-Cardinal-Bild-200x150.jpg 200w, https:\/\/bswi.hamburg\/wp-content\/uploads\/2026\/02\/Anna-Cardinal-Bild-400x300.jpg 400w, https:\/\/bswi.hamburg\/wp-content\/uploads\/2026\/02\/Anna-Cardinal-Bild-600x450.jpg 600w, https:\/\/bswi.hamburg\/wp-content\/uploads\/2026\/02\/Anna-Cardinal-Bild-800x600.jpg 800w, https:\/\/bswi.hamburg\/wp-content\/uploads\/2026\/02\/Anna-Cardinal-Bild.jpg 960w\" data-sizes=\"auto\" \/>\t\t\t<\/a>\n\t\t\t\t\t\t\t<\/div>\n<\/li>\n\t\t\t\n\t\t\t\n\t\t\t\t\t\t\t\t\t\t\t\t\t\t\t\t\t\t\t\t\t\t\t\t\t\t\t\t\t\t\t\t\t\t\t\t\t\t\t\t\t\t\t\t\t\t\t\t\t\t\t\t\t\t\t\t\t\t\t\t\t\t\t\t\t\t\t\t<\/ul>\n\t<\/div>\n\t<div class=\"fusion-post-content-wrapper\" style=\"padding:30px 25px 25px 25px;\"><div class=\"fusion-post-content post-content\"><h6 class=\"blog-shortcode-post-title entry-title\"><a href=\"https:\/\/bswi.hamburg\/en\/2026\/02\/02\/wir-sind-bunt-und-dann\/\">\u201eWir sind bunt!\u201c \u2013 und dann?<\/a><\/h6><p class=\"fusion-single-line-meta\"><span class=\"vcard\" style=\"display: none;\"><span class=\"fn\"><a href=\"https:\/\/bswi.hamburg\/en\/author\/rlfreudenberg\/\" title=\"Posts by Rike u. Lutz Freudenberg\" rel=\"author\">Rike u. Lutz Freudenberg<\/a><\/span><\/span><span class=\"updated\" style=\"display:none;\">2026-02-02T09:33:43+01:00<\/span><span>2. February 2026<\/span><span class=\"fusion-inline-sep\">|<\/span><\/p><\/div><\/div><div class=\"fusion-clearfix\"><\/div><\/div>\n<\/article>\n<article id=\"blog-1-post-1623\" class=\"fusion-post-grid post-1623 post type-post status-publish format-standard has-post-thumbnail hentry category-news tag-bswi tag-bs05\">\n<div class=\"fusion-post-wrapper\" style=\"background-color:var(--awb-color8);border:none;\">\n\n\t\t\t<div class=\"fusion-flexslider flexslider fusion-flexslider-loading fusion-post-slideshow\" style=\"border-color:rgba(255,255,255,0);\">\n\t\t<ul class=\"slides\">\n\t\t\t\n\t\t\t\t\t\t\t\t\t\t\t\t\t\t<li><div  class=\"fusion-image-wrapper\" aria-haspopup=\"true\">\n\t\t\t\t\t\t\t<a href=\"https:\/\/bswi.hamburg\/en\/2025\/12\/15\/frohe-weihnachten-2025\/\" aria-label=\"Frohe Weihnachten 2025\">\n\t\t\t\t\t\t\t<img decoding=\"async\" width=\"2560\" height=\"2314\" src=\"https:\/\/bswi.hamburg\/wp-content\/uploads\/2025\/12\/Weihnachten-2025_BSWI-scaled.jpg\" class=\"attachment-full size-full lazyload wp-post-image\" alt=\"Die Laeiszhalle im Schnee, Weihnachten 2025\" srcset=\"data:image\/svg+xml,%3Csvg%20xmlns%3D%27http%3A%2F%2Fwww.w3.org%2F2000%2Fsvg%27%20width%3D%272560%27%20height%3D%272314%27%20viewBox%3D%270%200%202560%202314%27%3E%3Crect%20width%3D%272560%27%20height%3D%272314%27%20fill-opacity%3D%220%22%2F%3E%3C%2Fsvg%3E\" data-orig-src=\"https:\/\/bswi.hamburg\/wp-content\/uploads\/2025\/12\/Weihnachten-2025_BSWI-scaled.jpg\" data-srcset=\"https:\/\/bswi.hamburg\/wp-content\/uploads\/2025\/12\/Weihnachten-2025_BSWI-200x181.jpg 200w, https:\/\/bswi.hamburg\/wp-content\/uploads\/2025\/12\/Weihnachten-2025_BSWI-400x362.jpg 400w, https:\/\/bswi.hamburg\/wp-content\/uploads\/2025\/12\/Weihnachten-2025_BSWI-600x542.jpg 600w, https:\/\/bswi.hamburg\/wp-content\/uploads\/2025\/12\/Weihnachten-2025_BSWI-800x723.jpg 800w, https:\/\/bswi.hamburg\/wp-content\/uploads\/2025\/12\/Weihnachten-2025_BSWI-1200x1085.jpg 1200w, https:\/\/bswi.hamburg\/wp-content\/uploads\/2025\/12\/Weihnachten-2025_BSWI-scaled.jpg 2560w\" data-sizes=\"auto\" \/>\t\t\t<\/a>\n\t\t\t\t\t\t\t<\/div>\n<\/li>\n\t\t\t\n\t\t\t\n\t\t\t\t\t\t\t\t\t\t\t\t\t\t\t\t\t\t\t\t\t\t\t\t\t\t\t\t\t\t\t\t\t\t\t\t\t\t\t\t\t\t\t\t\t\t\t\t\t\t\t\t\t\t\t\t\t\t\t\t\t\t\t\t\t\t\t\t<\/ul>\n\t<\/div>\n\t<div class=\"fusion-post-content-wrapper\" style=\"padding:30px 25px 25px 25px;\"><div class=\"fusion-post-content post-content\"><h6 class=\"blog-shortcode-post-title entry-title\"><a href=\"https:\/\/bswi.hamburg\/en\/2025\/12\/15\/frohe-weihnachten-2025\/\">Frohe Weihnachten 2025<\/a><\/h6><p class=\"fusion-single-line-meta\"><span class=\"vcard\" style=\"display: none;\"><span class=\"fn\"><a href=\"https:\/\/bswi.hamburg\/en\/author\/rlfreudenberg\/\" title=\"Posts by Rike u. Lutz Freudenberg\" rel=\"author\">Rike u. Lutz Freudenberg<\/a><\/span><\/span><span class=\"updated\" style=\"display:none;\">2025-12-15T11:24:24+01:00<\/span><span>15. December 2025<\/span><span class=\"fusion-inline-sep\">|<\/span><\/p><\/div><\/div><div class=\"fusion-clearfix\"><\/div><\/div>\n<\/article>\n<div class=\"fusion-clearfix\"><\/div><\/div><div class=\"pagination clearfix\"><span class=\"current\">1<\/span><a href=\"https:\/\/bswi.hamburg\/en\/wp-json\/wp\/v2\/posts\/1947\/page\/2\/\" class=\"inactive\">2<\/a><a class=\"pagination-next\" rel=\"next\" href=\"https:\/\/bswi.hamburg\/en\/wp-json\/wp\/v2\/posts\/1947\/page\/2\/\"><span class=\"page-text\">Next<\/span><span class=\"page-next\"><\/span><\/a><\/div><div class=\"fusion-clearfix\"><\/div><\/div><\/div><\/div><\/div><\/div>\n<\/p>","protected":false},"excerpt":{"rendered":"","protected":false},"author":13,"featured_media":1948,"comment_status":"open","ping_status":"closed","sticky":false,"template":"","format":"standard","meta":{"footnotes":""},"categories":[7],"tags":[12,13,49],"class_list":["post-1947","post","type-post","status-publish","format-standard","has-post-thumbnail","hentry","category-news","tag-bswi","tag-bs05","tag-haltung"],"yoast_head":"<!-- This site is optimized with the Yoast SEO plugin v27.4 - https:\/\/yoast.com\/product\/yoast-seo-wordpress\/ -->\n<title>Die Europawochen starten! - bswi.hamburg<\/title>\n<meta name=\"description\" content=\"Interreligi\u00f6se Friedensandacht an der BSWI sorgt f\u00fcr Verst\u00e4ndigung\" \/>\n<meta name=\"robots\" content=\"index, follow, max-snippet:-1, max-image-preview:large, max-video-preview:-1\" \/>\n<link rel=\"canonical\" href=\"https:\/\/bswi.hamburg\/en\/2026\/04\/27\/europawochen\/\" \/>\n<meta property=\"og:locale\" content=\"en_GB\" \/>\n<meta property=\"og:type\" content=\"article\" \/>\n<meta property=\"og:title\" content=\"Die Europawochen starten! - bswi.hamburg\" \/>\n<meta property=\"og:description\" content=\"Interreligi\u00f6se Friedensandacht an der BSWI sorgt f\u00fcr Verst\u00e4ndigung\" \/>\n<meta property=\"og:url\" content=\"https:\/\/bswi.hamburg\/en\/2026\/04\/27\/europawochen\/\" \/>\n<meta property=\"og:site_name\" content=\"bswi.hamburg\" \/>\n<meta property=\"article:published_time\" content=\"2026-04-27T10:27:36+00:00\" \/>\n<meta property=\"article:modified_time\" content=\"2026-04-27T10:28:26+00:00\" \/>\n<meta property=\"og:image\" content=\"https:\/\/bswi.hamburg\/wp-content\/uploads\/2026\/04\/Europawochen.jpg\" \/>\n\t<meta property=\"og:image:width\" content=\"2048\" \/>\n\t<meta property=\"og:image:height\" content=\"923\" \/>\n\t<meta property=\"og:image:type\" content=\"image\/jpeg\" \/>\n<meta name=\"author\" content=\"Svenja Riechers\" \/>\n<meta name=\"twitter:card\" content=\"summary_large_image\" \/>\n<meta name=\"twitter:label1\" content=\"Written by\" \/>\n\t<meta name=\"twitter:data1\" content=\"Svenja Riechers\" \/>\n\t<meta name=\"twitter:label2\" content=\"Estimated reading time\" \/>\n\t<meta name=\"twitter:data2\" content=\"3 minutes\" \/>\n<script type=\"application\/ld+json\" class=\"yoast-schema-graph\">{\"@context\":\"https:\\\/\\\/schema.org\",\"@graph\":[{\"@type\":\"Article\",\"@id\":\"https:\\\/\\\/bswi.hamburg\\\/2026\\\/04\\\/27\\\/europawochen\\\/#article\",\"isPartOf\":{\"@id\":\"https:\\\/\\\/bswi.hamburg\\\/2026\\\/04\\\/27\\\/europawochen\\\/\"},\"author\":{\"name\":\"Svenja Riechers\",\"@id\":\"https:\\\/\\\/bswi.hamburg\\\/#\\\/schema\\\/person\\\/1c184a567c9423f84f0c5d0857189370\"},\"headline\":\"Die Europawochen starten!\",\"datePublished\":\"2026-04-27T10:27:36+00:00\",\"dateModified\":\"2026-04-27T10:28:26+00:00\",\"mainEntityOfPage\":{\"@id\":\"https:\\\/\\\/bswi.hamburg\\\/2026\\\/04\\\/27\\\/europawochen\\\/\"},\"wordCount\":2295,\"commentCount\":0,\"image\":{\"@id\":\"https:\\\/\\\/bswi.hamburg\\\/2026\\\/04\\\/27\\\/europawochen\\\/#primaryimage\"},\"thumbnailUrl\":\"https:\\\/\\\/bswi.hamburg\\\/wp-content\\\/uploads\\\/2026\\\/04\\\/Europawochen.jpg\",\"keywords\":[\"BS:WI\",\"BS05\",\"Haltung\"],\"articleSection\":[\"News\"],\"inLanguage\":\"en-GB\",\"potentialAction\":[{\"@type\":\"CommentAction\",\"name\":\"Comment\",\"target\":[\"https:\\\/\\\/bswi.hamburg\\\/2026\\\/04\\\/27\\\/europawochen\\\/#respond\"]}]},{\"@type\":\"WebPage\",\"@id\":\"https:\\\/\\\/bswi.hamburg\\\/2026\\\/04\\\/27\\\/europawochen\\\/\",\"url\":\"https:\\\/\\\/bswi.hamburg\\\/2026\\\/04\\\/27\\\/europawochen\\\/\",\"name\":\"Die Europawochen starten! - bswi.hamburg\",\"isPartOf\":{\"@id\":\"https:\\\/\\\/bswi.hamburg\\\/#website\"},\"primaryImageOfPage\":{\"@id\":\"https:\\\/\\\/bswi.hamburg\\\/2026\\\/04\\\/27\\\/europawochen\\\/#primaryimage\"},\"image\":{\"@id\":\"https:\\\/\\\/bswi.hamburg\\\/2026\\\/04\\\/27\\\/europawochen\\\/#primaryimage\"},\"thumbnailUrl\":\"https:\\\/\\\/bswi.hamburg\\\/wp-content\\\/uploads\\\/2026\\\/04\\\/Europawochen.jpg\",\"datePublished\":\"2026-04-27T10:27:36+00:00\",\"dateModified\":\"2026-04-27T10:28:26+00:00\",\"author\":{\"@id\":\"https:\\\/\\\/bswi.hamburg\\\/#\\\/schema\\\/person\\\/1c184a567c9423f84f0c5d0857189370\"},\"description\":\"Interreligi\u00f6se Friedensandacht an der BSWI sorgt f\u00fcr Verst\u00e4ndigung\",\"breadcrumb\":{\"@id\":\"https:\\\/\\\/bswi.hamburg\\\/2026\\\/04\\\/27\\\/europawochen\\\/#breadcrumb\"},\"inLanguage\":\"en-GB\",\"potentialAction\":[{\"@type\":\"ReadAction\",\"target\":[\"https:\\\/\\\/bswi.hamburg\\\/2026\\\/04\\\/27\\\/europawochen\\\/\"]}]},{\"@type\":\"ImageObject\",\"inLanguage\":\"en-GB\",\"@id\":\"https:\\\/\\\/bswi.hamburg\\\/2026\\\/04\\\/27\\\/europawochen\\\/#primaryimage\",\"url\":\"https:\\\/\\\/bswi.hamburg\\\/wp-content\\\/uploads\\\/2026\\\/04\\\/Europawochen.jpg\",\"contentUrl\":\"https:\\\/\\\/bswi.hamburg\\\/wp-content\\\/uploads\\\/2026\\\/04\\\/Europawochen.jpg\",\"width\":2048,\"height\":923,\"caption\":\"Zu sehen ist die Aula der Schule. Auf der B\u00fchne stehen der Schulleiter und der Staatsrat.\"},{\"@type\":\"BreadcrumbList\",\"@id\":\"https:\\\/\\\/bswi.hamburg\\\/2026\\\/04\\\/27\\\/europawochen\\\/#breadcrumb\",\"itemListElement\":[{\"@type\":\"ListItem\",\"position\":1,\"name\":\"Startseite\",\"item\":\"https:\\\/\\\/bswi.hamburg\\\/\"},{\"@type\":\"ListItem\",\"position\":2,\"name\":\"Die Europawochen starten!\"}]},{\"@type\":\"WebSite\",\"@id\":\"https:\\\/\\\/bswi.hamburg\\\/#website\",\"url\":\"https:\\\/\\\/bswi.hamburg\\\/\",\"name\":\"bswi.hamburg\",\"description\":\"\",\"potentialAction\":[{\"@type\":\"SearchAction\",\"target\":{\"@type\":\"EntryPoint\",\"urlTemplate\":\"https:\\\/\\\/bswi.hamburg\\\/?s={search_term_string}\"},\"query-input\":{\"@type\":\"PropertyValueSpecification\",\"valueRequired\":true,\"valueName\":\"search_term_string\"}}],\"inLanguage\":\"en-GB\"},{\"@type\":\"Person\",\"@id\":\"https:\\\/\\\/bswi.hamburg\\\/#\\\/schema\\\/person\\\/1c184a567c9423f84f0c5d0857189370\",\"name\":\"Svenja Riechers\",\"url\":\"https:\\\/\\\/bswi.hamburg\\\/en\\\/author\\\/svenja-riechers\\\/\"}]}<\/script>\n<!-- \/ Yoast SEO plugin. -->","yoast_head_json":{"title":"Die Europawochen starten! - bswi.hamburg","description":"Interreligi\u00f6se Friedensandacht an der BSWI sorgt f\u00fcr Verst\u00e4ndigung","robots":{"index":"index","follow":"follow","max-snippet":"max-snippet:-1","max-image-preview":"max-image-preview:large","max-video-preview":"max-video-preview:-1"},"canonical":"https:\/\/bswi.hamburg\/en\/2026\/04\/27\/europawochen\/","og_locale":"en_GB","og_type":"article","og_title":"Die Europawochen starten! - bswi.hamburg","og_description":"Interreligi\u00f6se Friedensandacht an der BSWI sorgt f\u00fcr Verst\u00e4ndigung","og_url":"https:\/\/bswi.hamburg\/en\/2026\/04\/27\/europawochen\/","og_site_name":"bswi.hamburg","article_published_time":"2026-04-27T10:27:36+00:00","article_modified_time":"2026-04-27T10:28:26+00:00","og_image":[{"width":2048,"height":923,"url":"https:\/\/bswi.hamburg\/wp-content\/uploads\/2026\/04\/Europawochen.jpg","type":"image\/jpeg"}],"author":"Svenja Riechers","twitter_card":"summary_large_image","twitter_misc":{"Written by":"Svenja Riechers","Estimated reading time":"3 minutes"},"schema":{"@context":"https:\/\/schema.org","@graph":[{"@type":"Article","@id":"https:\/\/bswi.hamburg\/2026\/04\/27\/europawochen\/#article","isPartOf":{"@id":"https:\/\/bswi.hamburg\/2026\/04\/27\/europawochen\/"},"author":{"name":"Svenja Riechers","@id":"https:\/\/bswi.hamburg\/#\/schema\/person\/1c184a567c9423f84f0c5d0857189370"},"headline":"Die Europawochen starten!","datePublished":"2026-04-27T10:27:36+00:00","dateModified":"2026-04-27T10:28:26+00:00","mainEntityOfPage":{"@id":"https:\/\/bswi.hamburg\/2026\/04\/27\/europawochen\/"},"wordCount":2295,"commentCount":0,"image":{"@id":"https:\/\/bswi.hamburg\/2026\/04\/27\/europawochen\/#primaryimage"},"thumbnailUrl":"https:\/\/bswi.hamburg\/wp-content\/uploads\/2026\/04\/Europawochen.jpg","keywords":["BS:WI","BS05","Haltung"],"articleSection":["News"],"inLanguage":"en-GB","potentialAction":[{"@type":"CommentAction","name":"Comment","target":["https:\/\/bswi.hamburg\/2026\/04\/27\/europawochen\/#respond"]}]},{"@type":"WebPage","@id":"https:\/\/bswi.hamburg\/2026\/04\/27\/europawochen\/","url":"https:\/\/bswi.hamburg\/2026\/04\/27\/europawochen\/","name":"Die Europawochen starten! - bswi.hamburg","isPartOf":{"@id":"https:\/\/bswi.hamburg\/#website"},"primaryImageOfPage":{"@id":"https:\/\/bswi.hamburg\/2026\/04\/27\/europawochen\/#primaryimage"},"image":{"@id":"https:\/\/bswi.hamburg\/2026\/04\/27\/europawochen\/#primaryimage"},"thumbnailUrl":"https:\/\/bswi.hamburg\/wp-content\/uploads\/2026\/04\/Europawochen.jpg","datePublished":"2026-04-27T10:27:36+00:00","dateModified":"2026-04-27T10:28:26+00:00","author":{"@id":"https:\/\/bswi.hamburg\/#\/schema\/person\/1c184a567c9423f84f0c5d0857189370"},"description":"Interreligi\u00f6se Friedensandacht an der BSWI sorgt f\u00fcr Verst\u00e4ndigung","breadcrumb":{"@id":"https:\/\/bswi.hamburg\/2026\/04\/27\/europawochen\/#breadcrumb"},"inLanguage":"en-GB","potentialAction":[{"@type":"ReadAction","target":["https:\/\/bswi.hamburg\/2026\/04\/27\/europawochen\/"]}]},{"@type":"ImageObject","inLanguage":"en-GB","@id":"https:\/\/bswi.hamburg\/2026\/04\/27\/europawochen\/#primaryimage","url":"https:\/\/bswi.hamburg\/wp-content\/uploads\/2026\/04\/Europawochen.jpg","contentUrl":"https:\/\/bswi.hamburg\/wp-content\/uploads\/2026\/04\/Europawochen.jpg","width":2048,"height":923,"caption":"Zu sehen ist die Aula der Schule. Auf der B\u00fchne stehen der Schulleiter und der Staatsrat."},{"@type":"BreadcrumbList","@id":"https:\/\/bswi.hamburg\/2026\/04\/27\/europawochen\/#breadcrumb","itemListElement":[{"@type":"ListItem","position":1,"name":"Startseite","item":"https:\/\/bswi.hamburg\/"},{"@type":"ListItem","position":2,"name":"Die Europawochen starten!"}]},{"@type":"WebSite","@id":"https:\/\/bswi.hamburg\/#website","url":"https:\/\/bswi.hamburg\/","name":"bswi.hamburg","description":"","potentialAction":[{"@type":"SearchAction","target":{"@type":"EntryPoint","urlTemplate":"https:\/\/bswi.hamburg\/?s={search_term_string}"},"query-input":{"@type":"PropertyValueSpecification","valueRequired":true,"valueName":"search_term_string"}}],"inLanguage":"en-GB"},{"@type":"Person","@id":"https:\/\/bswi.hamburg\/#\/schema\/person\/1c184a567c9423f84f0c5d0857189370","name":"Svenja Riechers","url":"https:\/\/bswi.hamburg\/en\/author\/svenja-riechers\/"}]}},"_links":{"self":[{"href":"https:\/\/bswi.hamburg\/en\/wp-json\/wp\/v2\/posts\/1947","targetHints":{"allow":["GET"]}}],"collection":[{"href":"https:\/\/bswi.hamburg\/en\/wp-json\/wp\/v2\/posts"}],"about":[{"href":"https:\/\/bswi.hamburg\/en\/wp-json\/wp\/v2\/types\/post"}],"author":[{"embeddable":true,"href":"https:\/\/bswi.hamburg\/en\/wp-json\/wp\/v2\/users\/13"}],"replies":[{"embeddable":true,"href":"https:\/\/bswi.hamburg\/en\/wp-json\/wp\/v2\/comments?post=1947"}],"version-history":[{"count":1,"href":"https:\/\/bswi.hamburg\/en\/wp-json\/wp\/v2\/posts\/1947\/revisions"}],"predecessor-version":[{"id":1949,"href":"https:\/\/bswi.hamburg\/en\/wp-json\/wp\/v2\/posts\/1947\/revisions\/1949"}],"wp:featuredmedia":[{"embeddable":true,"href":"https:\/\/bswi.hamburg\/en\/wp-json\/wp\/v2\/media\/1948"}],"wp:attachment":[{"href":"https:\/\/bswi.hamburg\/en\/wp-json\/wp\/v2\/media?parent=1947"}],"wp:term":[{"taxonomy":"category","embeddable":true,"href":"https:\/\/bswi.hamburg\/en\/wp-json\/wp\/v2\/categories?post=1947"},{"taxonomy":"post_tag","embeddable":true,"href":"https:\/\/bswi.hamburg\/en\/wp-json\/wp\/v2\/tags?post=1947"}],"curies":[{"name":"wp","href":"https:\/\/api.w.org\/{rel}","templated":true}]}}